{"id":24211,"date":"2023-07-11T15:07:36","date_gmt":"2023-07-11T15:07:36","guid":{"rendered":"https:\/\/www.vignobles-vellas.com\/16eme-salon-des-vins-de-saint-drezery\/"},"modified":"2024-06-14T14:31:14","modified_gmt":"2024-06-14T14:31:14","slug":"16eme-salon-des-vins-de-saint-drezery","status":"publish","type":"post","link":"https:\/\/www.vignobles-vellas.com\/en\/16eme-salon-des-vins-de-saint-drezery\/","title":{"rendered":"16\u00e8me Salon des Vins de Saint-Dr\u00e9z\u00e9ry"},"content":{"rendered":"\t\t<div data-elementor-type=\"wp-post\" data-elementor-id=\"24211\" class=\"elementor elementor-24211 elementor-23266\">\n\t\t\t\t\t\t<section class=\"elementor-section elementor-top-section elementor-element elementor-element-8a9b13f elementor-section-boxed elementor-section-height-default elementor-section-height-default sc_fly_static\" data-id=\"8a9b13f\" data-element_type=\"section\" data-e-type=\"section\">\n\t\t\t\t\t\t<div class=\"elementor-container elementor-column-gap-extended\">\n\t\t\t\t\t<div class=\"elementor-column elementor-col-100 elementor-top-column elementor-element elementor-element-cc518c6 sc_inner_width_none sc_content_align_inherit sc_layouts_column_icons_position_left sc_fly_static\" data-id=\"cc518c6\" data-element_type=\"column\" data-e-type=\"column\">\n\t\t\t<div class=\"elementor-widget-wrap\">\n\t\t\t\t\t\t\t<\/div>\n\t\t<\/div>\n\t\t\t\t\t<\/div>\n\t\t<\/section>\n\t\t\t\t<section class=\"elementor-section elementor-top-section elementor-element elementor-element-ad0aefe elementor-section-boxed elementor-section-height-default elementor-section-height-default sc_fly_static\" data-id=\"ad0aefe\" data-element_type=\"section\" data-e-type=\"section\">\n\t\t\t\t\t\t<div class=\"elementor-container elementor-column-gap-extended\">\n\t\t\t\t\t<div class=\"elementor-column elementor-col-50 elementor-top-column elementor-element elementor-element-d859621 sc_inner_width_none sc_content_align_inherit sc_layouts_column_icons_position_left sc_fly_static\" data-id=\"d859621\" data-element_type=\"column\" data-e-type=\"column\">\n\t\t\t<div class=\"elementor-widget-wrap elementor-element-populated\">\n\t\t\t\t\t\t<div class=\"elementor-element elementor-element-c08ac22 sc_fly_static elementor-widget elementor-widget-heading\" data-id=\"c08ac22\" data-element_type=\"widget\" data-e-type=\"widget\" data-widget_type=\"heading.default\">\n\t\t\t\t<div class=\"elementor-widget-container\">\n\t\t\t\t\t<h2 class=\"elementor-heading-title elementor-size-default\">Vendredi 14 juillet 2023<\/h2>\t\t\t\t<\/div>\n\t\t\t\t<\/div>\n\t\t\t\t<div class=\"elementor-element elementor-element-58eb3de elementor-widget__width-initial sc_fly_static elementor-widget elementor-widget-text-editor\" data-id=\"58eb3de\" data-element_type=\"widget\" data-e-type=\"widget\" data-widget_type=\"text-editor.default\">\n\t\t\t\t<div class=\"elementor-widget-container\">\n\t\t\t\t\t\t\t\t\t<p>De 10h00 \u00e0 13h00<\/p>\n<p>Venez rencontrer les Vignerons passionn\u00e9s par leur Terroir et partez \u00e0 la d\u00e9couverte des vins de Saint-Dr\u00e9z\u00e9ry.<\/p>\n<p>D\u00e9gustations de vins avec la pr\u00e9sence de 7 domaines :<\/p>\n<ul>\n<li>Mas d&#8217;Arcay<\/li>\n<li>Mas de Carrat<\/li>\n<li>Le Chai d&#8217;Emilien<\/li>\n<li>Domaine St-Jean de l&#8217;Arbousier<\/li>\n<li>Ch\u00e2teau Montel<\/li>\n<li>Cellier du Val des Pins<\/li>\n<li>Domaine Valini\u00e8re<\/li>\n<\/ul>\n<p><span style=\"font-family: Roboto, sans-serif; font-size: 17px; font-style: normal; font-weight: 400; background-color: var(--theme-color-bg_color); color: var(--theme-color-text);\">Nous serons pr\u00e9sents \u00e0 cet \u00e9v\u00e9nement avec nos cuv\u00e9es du Domaine Valini\u00e8re.<\/span><\/p>\n<p><strong>Localisation :<\/strong> Parc du Ch\u00e2teau 34160 Saint-Dr\u00e9z\u00e9ry, France<\/p>\n<p><strong>Tarif :<\/strong> Participation 3,00 \u20ac + verre offert<\/p>\n<p><strong>Informations :<\/strong> <a href=\"https:\/\/www.saint-drezery-en-languedoc.com\/\" target=\"_blank\" rel=\"noopener\">www.saint-drezery-en-languedoc.com<\/a><\/p>\n<p><strong>T\u00e9l. :<\/strong> <a href=\"tel:+33676042111\"><span style=\"font-family: Roboto, sans-serif; font-size: 17px; font-style: normal; font-weight: 400; background-color: var(--theme-color-bg_color); color: var(--theme-color-text);\">+33 (0)6 76 04 21 11<\/span><\/a><\/p>\n\t\t\t\t\t\t\t\t<\/div>\n\t\t\t\t<\/div>\n\t\t\t\t\t<\/div>\n\t\t<\/div>\n\t\t\t\t<div class=\"elementor-column elementor-col-50 elementor-top-column elementor-element elementor-element-06216ed sc_inner_width_none sc_content_align_inherit sc_layouts_column_icons_position_left sc_fly_static\" data-id=\"06216ed\" data-element_type=\"column\" data-e-type=\"column\">\n\t\t\t<div class=\"elementor-widget-wrap elementor-element-populated\">\n\t\t\t\t\t\t<div class=\"elementor-element elementor-element-8f88057 sc_fly_static elementor-widget elementor-widget-image\" data-id=\"8f88057\" data-element_type=\"widget\" data-e-type=\"widget\" data-widget_type=\"image.default\">\n\t\t\t\t<div class=\"elementor-widget-container\">\n\t\t\t\t\t\t\t\t\t\t\t\t\t\t\t<img fetchpriority=\"high\" decoding=\"async\" width=\"763\" height=\"1080\" src=\"https:\/\/www.vignobles-vellas.com\/wp-content\/uploads\/2023\/07\/salon-des-vins-de-saint-drezery-2023_poster_vignobles-vellas.com_763x1080px.jpg\" class=\"attachment-full size-full wp-image-23981\" alt=\"\" srcset=\"https:\/\/www.vignobles-vellas.com\/wp-content\/uploads\/2023\/07\/salon-des-vins-de-saint-drezery-2023_poster_vignobles-vellas.com_763x1080px.jpg 763w, https:\/\/www.vignobles-vellas.com\/wp-content\/uploads\/2023\/07\/salon-des-vins-de-saint-drezery-2023_poster_vignobles-vellas.com_763x1080px-212x300.jpg 212w, https:\/\/www.vignobles-vellas.com\/wp-content\/uploads\/2023\/07\/salon-des-vins-de-saint-drezery-2023_poster_vignobles-vellas.com_763x1080px-723x1024.jpg 723w, https:\/\/www.vignobles-vellas.com\/wp-content\/uploads\/2023\/07\/salon-des-vins-de-saint-drezery-2023_poster_vignobles-vellas.com_763x1080px-370x524.jpg 370w, https:\/\/www.vignobles-vellas.com\/wp-content\/uploads\/2023\/07\/salon-des-vins-de-saint-drezery-2023_poster_vignobles-vellas.com_763x1080px-410x580.jpg 410w\" sizes=\"(max-width: 763px) 100vw, 763px\" \/>\t\t\t\t\t\t\t\t\t\t\t\t\t\t\t<\/div>\n\t\t\t\t<\/div>\n\t\t\t\t\t<\/div>\n\t\t<\/div>\n\t\t\t\t\t<\/div>\n\t\t<\/section>\n\t\t\t\t<\/div>\n\t\t","protected":false},"excerpt":{"rendered":"<p>Vendredi 14 juillet 2023 De 10h00 \u00e0 13h00 Venez rencontrer les Vignerons passionn\u00e9s par leur Terroir et partez \u00e0 la d\u00e9couverte des vins de Saint-Dr\u00e9z\u00e9ry. D\u00e9gustations de vins avec la&hellip;<\/p>\n","protected":false},"author":2,"featured_media":23980,"comment_status":"closed","ping_status":"closed","sticky":false,"template":"","format":"standard","meta":{"content-type":"","inline_featured_image":false,"footnotes":""},"categories":[199],"tags":[],"class_list":["post-24211","post","type-post","status-publish","format-standard","has-post-thumbnail","hentry","category-evenements-en"],"yoast_head":"<!-- This site is optimized with the Yoast SEO plugin v27.5 - https:\/\/yoast.com\/product\/yoast-seo-wordpress\/ -->\n<title>16\u00e8me Salon des Vins de Saint-Dr\u00e9z\u00e9ry - Vin Saint-Dr\u00e9z\u00e9ry - Vignobles Vellas<\/title>\n<meta name=\"description\" content=\"Site Officiel \u2705 Retrouvez-nous le vendredi 14 juillet 2023 de 10h \u00e0 13h dans le parc du Ch\u00e2teau avec notre Domaine Valini\u00e8re et nos vins Saint-Dr\u00e9z\u00e9ry.\" \/>\n<meta name=\"robots\" content=\"index, follow, max-snippet:-1, max-image-preview:large, max-video-preview:-1\" \/>\n<link rel=\"canonical\" href=\"https:\/\/www.vignobles-vellas.com\/en\/16eme-salon-des-vins-de-saint-drezery\/\" \/>\n<meta property=\"og:locale\" content=\"en_US\" \/>\n<meta property=\"og:type\" content=\"article\" \/>\n<meta property=\"og:title\" content=\"16\u00e8me Salon des Vins de Saint-Dr\u00e9z\u00e9ry - Vin Saint-Dr\u00e9z\u00e9ry - Vignobles Vellas\" \/>\n<meta property=\"og:description\" content=\"Site Officiel \u2705 Retrouvez-nous le vendredi 14 juillet 2023 de 10h \u00e0 13h dans le parc du Ch\u00e2teau avec notre Domaine Valini\u00e8re et nos vins Saint-Dr\u00e9z\u00e9ry.\" \/>\n<meta property=\"og:url\" content=\"https:\/\/www.vignobles-vellas.com\/en\/16eme-salon-des-vins-de-saint-drezery\/\" \/>\n<meta property=\"og:site_name\" content=\"Vignobles Vellas\" \/>\n<meta property=\"article:publisher\" content=\"https:\/\/www.facebook.com\/VignoblesVellas\" \/>\n<meta property=\"article:published_time\" content=\"2023-07-11T15:07:36+00:00\" \/>\n<meta property=\"article:modified_time\" content=\"2024-06-14T14:31:14+00:00\" \/>\n<meta property=\"og:image\" content=\"https:\/\/www.vignobles-vellas.com\/wp-content\/uploads\/2023\/07\/salon-des-vins-de-saint-drezery_header_vignobles-vellas.com_1920x1080px.jpg\" \/>\n\t<meta property=\"og:image:width\" content=\"1920\" \/>\n\t<meta property=\"og:image:height\" content=\"1080\" \/>\n\t<meta property=\"og:image:type\" content=\"image\/jpeg\" \/>\n<meta name=\"author\" content=\"Benjamin Corvaisier\" \/>\n<meta name=\"twitter:card\" content=\"summary_large_image\" \/>\n<meta name=\"twitter:label1\" content=\"Written by\" \/>\n\t<meta name=\"twitter:data1\" content=\"Benjamin Corvaisier\" \/>\n<script type=\"application\/ld+json\" class=\"yoast-schema-graph\">{\"@context\":\"https:\\\/\\\/schema.org\",\"@graph\":[{\"@type\":\"Article\",\"@id\":\"https:\\\/\\\/www.vignobles-vellas.com\\\/en\\\/16eme-salon-des-vins-de-saint-drezery\\\/#article\",\"isPartOf\":{\"@id\":\"https:\\\/\\\/www.vignobles-vellas.com\\\/en\\\/16eme-salon-des-vins-de-saint-drezery\\\/\"},\"author\":{\"name\":\"Benjamin Corvaisier\",\"@id\":\"https:\\\/\\\/www.vignobles-vellas.com\\\/en\\\/#\\\/schema\\\/person\\\/c62597ac24779f536536335bbb33b1fc\"},\"headline\":\"16\u00e8me Salon des Vins de Saint-Dr\u00e9z\u00e9ry\",\"datePublished\":\"2023-07-11T15:07:36+00:00\",\"dateModified\":\"2024-06-14T14:31:14+00:00\",\"mainEntityOfPage\":{\"@id\":\"https:\\\/\\\/www.vignobles-vellas.com\\\/en\\\/16eme-salon-des-vins-de-saint-drezery\\\/\"},\"wordCount\":100,\"publisher\":{\"@id\":\"https:\\\/\\\/www.vignobles-vellas.com\\\/en\\\/#organization\"},\"image\":{\"@id\":\"https:\\\/\\\/www.vignobles-vellas.com\\\/en\\\/16eme-salon-des-vins-de-saint-drezery\\\/#primaryimage\"},\"thumbnailUrl\":\"https:\\\/\\\/www.vignobles-vellas.com\\\/wp-content\\\/uploads\\\/2023\\\/07\\\/salon-des-vins-de-saint-drezery_header_vignobles-vellas.com_1920x1080px.jpg\",\"articleSection\":[\"\u00c9v\u00e9nements\"],\"inLanguage\":\"en-US\"},{\"@type\":\"WebPage\",\"@id\":\"https:\\\/\\\/www.vignobles-vellas.com\\\/en\\\/16eme-salon-des-vins-de-saint-drezery\\\/\",\"url\":\"https:\\\/\\\/www.vignobles-vellas.com\\\/en\\\/16eme-salon-des-vins-de-saint-drezery\\\/\",\"name\":\"16\u00e8me Salon des Vins de Saint-Dr\u00e9z\u00e9ry - Vin Saint-Dr\u00e9z\u00e9ry - Vignobles Vellas\",\"isPartOf\":{\"@id\":\"https:\\\/\\\/www.vignobles-vellas.com\\\/en\\\/#website\"},\"primaryImageOfPage\":{\"@id\":\"https:\\\/\\\/www.vignobles-vellas.com\\\/en\\\/16eme-salon-des-vins-de-saint-drezery\\\/#primaryimage\"},\"image\":{\"@id\":\"https:\\\/\\\/www.vignobles-vellas.com\\\/en\\\/16eme-salon-des-vins-de-saint-drezery\\\/#primaryimage\"},\"thumbnailUrl\":\"https:\\\/\\\/www.vignobles-vellas.com\\\/wp-content\\\/uploads\\\/2023\\\/07\\\/salon-des-vins-de-saint-drezery_header_vignobles-vellas.com_1920x1080px.jpg\",\"datePublished\":\"2023-07-11T15:07:36+00:00\",\"dateModified\":\"2024-06-14T14:31:14+00:00\",\"description\":\"Site Officiel \u2705 Retrouvez-nous le vendredi 14 juillet 2023 de 10h \u00e0 13h dans le parc du Ch\u00e2teau avec notre Domaine Valini\u00e8re et nos vins Saint-Dr\u00e9z\u00e9ry.\",\"breadcrumb\":{\"@id\":\"https:\\\/\\\/www.vignobles-vellas.com\\\/en\\\/16eme-salon-des-vins-de-saint-drezery\\\/#breadcrumb\"},\"inLanguage\":\"en-US\",\"potentialAction\":[{\"@type\":\"ReadAction\",\"target\":[\"https:\\\/\\\/www.vignobles-vellas.com\\\/en\\\/16eme-salon-des-vins-de-saint-drezery\\\/\"]}]},{\"@type\":\"ImageObject\",\"inLanguage\":\"en-US\",\"@id\":\"https:\\\/\\\/www.vignobles-vellas.com\\\/en\\\/16eme-salon-des-vins-de-saint-drezery\\\/#primaryimage\",\"url\":\"https:\\\/\\\/www.vignobles-vellas.com\\\/wp-content\\\/uploads\\\/2023\\\/07\\\/salon-des-vins-de-saint-drezery_header_vignobles-vellas.com_1920x1080px.jpg\",\"contentUrl\":\"https:\\\/\\\/www.vignobles-vellas.com\\\/wp-content\\\/uploads\\\/2023\\\/07\\\/salon-des-vins-de-saint-drezery_header_vignobles-vellas.com_1920x1080px.jpg\",\"width\":1920,\"height\":1080},{\"@type\":\"BreadcrumbList\",\"@id\":\"https:\\\/\\\/www.vignobles-vellas.com\\\/en\\\/16eme-salon-des-vins-de-saint-drezery\\\/#breadcrumb\",\"itemListElement\":[{\"@type\":\"ListItem\",\"position\":1,\"name\":\"Accueil\",\"item\":\"https:\\\/\\\/www.vignobles-vellas.com\\\/en\\\/home\\\/\"},{\"@type\":\"ListItem\",\"position\":2,\"name\":\"16\u00e8me Salon des Vins de Saint-Dr\u00e9z\u00e9ry\"}]},{\"@type\":\"WebSite\",\"@id\":\"https:\\\/\\\/www.vignobles-vellas.com\\\/en\\\/#website\",\"url\":\"https:\\\/\\\/www.vignobles-vellas.com\\\/en\\\/\",\"name\":\"Vignobles Vellas\",\"description\":\"Vineyards &amp; Accommodations in Languedoc, South of France\",\"publisher\":{\"@id\":\"https:\\\/\\\/www.vignobles-vellas.com\\\/en\\\/#organization\"},\"potentialAction\":[{\"@type\":\"SearchAction\",\"target\":{\"@type\":\"EntryPoint\",\"urlTemplate\":\"https:\\\/\\\/www.vignobles-vellas.com\\\/en\\\/?s={search_term_string}\"},\"query-input\":{\"@type\":\"PropertyValueSpecification\",\"valueRequired\":true,\"valueName\":\"search_term_string\"}}],\"inLanguage\":\"en-US\"},{\"@type\":\"Organization\",\"@id\":\"https:\\\/\\\/www.vignobles-vellas.com\\\/en\\\/#organization\",\"name\":\"Vignobles Vellas\",\"url\":\"https:\\\/\\\/www.vignobles-vellas.com\\\/en\\\/\",\"logo\":{\"@type\":\"ImageObject\",\"inLanguage\":\"en-US\",\"@id\":\"https:\\\/\\\/www.vignobles-vellas.com\\\/en\\\/#\\\/schema\\\/logo\\\/image\\\/\",\"url\":\"https:\\\/\\\/www.vignobles-vellas.com\\\/wp-content\\\/uploads\\\/2022\\\/07\\\/vignobles-vellas_logo_rgb_black.svg\",\"contentUrl\":\"https:\\\/\\\/www.vignobles-vellas.com\\\/wp-content\\\/uploads\\\/2022\\\/07\\\/vignobles-vellas_logo_rgb_black.svg\",\"width\":500,\"height\":500,\"caption\":\"Vignobles Vellas\"},\"image\":{\"@id\":\"https:\\\/\\\/www.vignobles-vellas.com\\\/en\\\/#\\\/schema\\\/logo\\\/image\\\/\"},\"sameAs\":[\"https:\\\/\\\/www.facebook.com\\\/VignoblesVellas\",\"https:\\\/\\\/www.instagram.com\\\/vignobles.vellas\\\/\",\"https:\\\/\\\/www.youtube.com\\\/channel\\\/UC7Iaf4-eEAKp6im46ELjW-A\",\"https:\\\/\\\/www.linkedin.com\\\/in\\\/vignobles-vellas-56ba96221\\\/\"]},{\"@type\":\"Person\",\"@id\":\"https:\\\/\\\/www.vignobles-vellas.com\\\/en\\\/#\\\/schema\\\/person\\\/c62597ac24779f536536335bbb33b1fc\",\"name\":\"Benjamin Corvaisier\",\"url\":\"https:\\\/\\\/www.vignobles-vellas.com\\\/en\\\/author\\\/benjamin\\\/\"}]}<\/script>\n<!-- \/ Yoast SEO plugin. -->","yoast_head_json":{"title":"16\u00e8me Salon des Vins de Saint-Dr\u00e9z\u00e9ry - Vin Saint-Dr\u00e9z\u00e9ry - Vignobles Vellas","description":"Site Officiel \u2705 Retrouvez-nous le vendredi 14 juillet 2023 de 10h \u00e0 13h dans le parc du Ch\u00e2teau avec notre Domaine Valini\u00e8re et nos vins Saint-Dr\u00e9z\u00e9ry.","robots":{"index":"index","follow":"follow","max-snippet":"max-snippet:-1","max-image-preview":"max-image-preview:large","max-video-preview":"max-video-preview:-1"},"canonical":"https:\/\/www.vignobles-vellas.com\/en\/16eme-salon-des-vins-de-saint-drezery\/","og_locale":"en_US","og_type":"article","og_title":"16\u00e8me Salon des Vins de Saint-Dr\u00e9z\u00e9ry - Vin Saint-Dr\u00e9z\u00e9ry - Vignobles Vellas","og_description":"Site Officiel \u2705 Retrouvez-nous le vendredi 14 juillet 2023 de 10h \u00e0 13h dans le parc du Ch\u00e2teau avec notre Domaine Valini\u00e8re et nos vins Saint-Dr\u00e9z\u00e9ry.","og_url":"https:\/\/www.vignobles-vellas.com\/en\/16eme-salon-des-vins-de-saint-drezery\/","og_site_name":"Vignobles Vellas","article_publisher":"https:\/\/www.facebook.com\/VignoblesVellas","article_published_time":"2023-07-11T15:07:36+00:00","article_modified_time":"2024-06-14T14:31:14+00:00","og_image":[{"width":1920,"height":1080,"url":"https:\/\/www.vignobles-vellas.com\/wp-content\/uploads\/2023\/07\/salon-des-vins-de-saint-drezery_header_vignobles-vellas.com_1920x1080px.jpg","type":"image\/jpeg"}],"author":"Benjamin Corvaisier","twitter_card":"summary_large_image","twitter_misc":{"Written by":"Benjamin Corvaisier"},"schema":{"@context":"https:\/\/schema.org","@graph":[{"@type":"Article","@id":"https:\/\/www.vignobles-vellas.com\/en\/16eme-salon-des-vins-de-saint-drezery\/#article","isPartOf":{"@id":"https:\/\/www.vignobles-vellas.com\/en\/16eme-salon-des-vins-de-saint-drezery\/"},"author":{"name":"Benjamin Corvaisier","@id":"https:\/\/www.vignobles-vellas.com\/en\/#\/schema\/person\/c62597ac24779f536536335bbb33b1fc"},"headline":"16\u00e8me Salon des Vins de Saint-Dr\u00e9z\u00e9ry","datePublished":"2023-07-11T15:07:36+00:00","dateModified":"2024-06-14T14:31:14+00:00","mainEntityOfPage":{"@id":"https:\/\/www.vignobles-vellas.com\/en\/16eme-salon-des-vins-de-saint-drezery\/"},"wordCount":100,"publisher":{"@id":"https:\/\/www.vignobles-vellas.com\/en\/#organization"},"image":{"@id":"https:\/\/www.vignobles-vellas.com\/en\/16eme-salon-des-vins-de-saint-drezery\/#primaryimage"},"thumbnailUrl":"https:\/\/www.vignobles-vellas.com\/wp-content\/uploads\/2023\/07\/salon-des-vins-de-saint-drezery_header_vignobles-vellas.com_1920x1080px.jpg","articleSection":["\u00c9v\u00e9nements"],"inLanguage":"en-US"},{"@type":"WebPage","@id":"https:\/\/www.vignobles-vellas.com\/en\/16eme-salon-des-vins-de-saint-drezery\/","url":"https:\/\/www.vignobles-vellas.com\/en\/16eme-salon-des-vins-de-saint-drezery\/","name":"16\u00e8me Salon des Vins de Saint-Dr\u00e9z\u00e9ry - Vin Saint-Dr\u00e9z\u00e9ry - Vignobles Vellas","isPartOf":{"@id":"https:\/\/www.vignobles-vellas.com\/en\/#website"},"primaryImageOfPage":{"@id":"https:\/\/www.vignobles-vellas.com\/en\/16eme-salon-des-vins-de-saint-drezery\/#primaryimage"},"image":{"@id":"https:\/\/www.vignobles-vellas.com\/en\/16eme-salon-des-vins-de-saint-drezery\/#primaryimage"},"thumbnailUrl":"https:\/\/www.vignobles-vellas.com\/wp-content\/uploads\/2023\/07\/salon-des-vins-de-saint-drezery_header_vignobles-vellas.com_1920x1080px.jpg","datePublished":"2023-07-11T15:07:36+00:00","dateModified":"2024-06-14T14:31:14+00:00","description":"Site Officiel \u2705 Retrouvez-nous le vendredi 14 juillet 2023 de 10h \u00e0 13h dans le parc du Ch\u00e2teau avec notre Domaine Valini\u00e8re et nos vins Saint-Dr\u00e9z\u00e9ry.","breadcrumb":{"@id":"https:\/\/www.vignobles-vellas.com\/en\/16eme-salon-des-vins-de-saint-drezery\/#breadcrumb"},"inLanguage":"en-US","potentialAction":[{"@type":"ReadAction","target":["https:\/\/www.vignobles-vellas.com\/en\/16eme-salon-des-vins-de-saint-drezery\/"]}]},{"@type":"ImageObject","inLanguage":"en-US","@id":"https:\/\/www.vignobles-vellas.com\/en\/16eme-salon-des-vins-de-saint-drezery\/#primaryimage","url":"https:\/\/www.vignobles-vellas.com\/wp-content\/uploads\/2023\/07\/salon-des-vins-de-saint-drezery_header_vignobles-vellas.com_1920x1080px.jpg","contentUrl":"https:\/\/www.vignobles-vellas.com\/wp-content\/uploads\/2023\/07\/salon-des-vins-de-saint-drezery_header_vignobles-vellas.com_1920x1080px.jpg","width":1920,"height":1080},{"@type":"BreadcrumbList","@id":"https:\/\/www.vignobles-vellas.com\/en\/16eme-salon-des-vins-de-saint-drezery\/#breadcrumb","itemListElement":[{"@type":"ListItem","position":1,"name":"Accueil","item":"https:\/\/www.vignobles-vellas.com\/en\/home\/"},{"@type":"ListItem","position":2,"name":"16\u00e8me Salon des Vins de Saint-Dr\u00e9z\u00e9ry"}]},{"@type":"WebSite","@id":"https:\/\/www.vignobles-vellas.com\/en\/#website","url":"https:\/\/www.vignobles-vellas.com\/en\/","name":"Vignobles Vellas","description":"Vineyards &amp; Accommodations in Languedoc, South of France","publisher":{"@id":"https:\/\/www.vignobles-vellas.com\/en\/#organization"},"potentialAction":[{"@type":"SearchAction","target":{"@type":"EntryPoint","urlTemplate":"https:\/\/www.vignobles-vellas.com\/en\/?s={search_term_string}"},"query-input":{"@type":"PropertyValueSpecification","valueRequired":true,"valueName":"search_term_string"}}],"inLanguage":"en-US"},{"@type":"Organization","@id":"https:\/\/www.vignobles-vellas.com\/en\/#organization","name":"Vignobles Vellas","url":"https:\/\/www.vignobles-vellas.com\/en\/","logo":{"@type":"ImageObject","inLanguage":"en-US","@id":"https:\/\/www.vignobles-vellas.com\/en\/#\/schema\/logo\/image\/","url":"https:\/\/www.vignobles-vellas.com\/wp-content\/uploads\/2022\/07\/vignobles-vellas_logo_rgb_black.svg","contentUrl":"https:\/\/www.vignobles-vellas.com\/wp-content\/uploads\/2022\/07\/vignobles-vellas_logo_rgb_black.svg","width":500,"height":500,"caption":"Vignobles Vellas"},"image":{"@id":"https:\/\/www.vignobles-vellas.com\/en\/#\/schema\/logo\/image\/"},"sameAs":["https:\/\/www.facebook.com\/VignoblesVellas","https:\/\/www.instagram.com\/vignobles.vellas\/","https:\/\/www.youtube.com\/channel\/UC7Iaf4-eEAKp6im46ELjW-A","https:\/\/www.linkedin.com\/in\/vignobles-vellas-56ba96221\/"]},{"@type":"Person","@id":"https:\/\/www.vignobles-vellas.com\/en\/#\/schema\/person\/c62597ac24779f536536335bbb33b1fc","name":"Benjamin Corvaisier","url":"https:\/\/www.vignobles-vellas.com\/en\/author\/benjamin\/"}]}},"_links":{"self":[{"href":"https:\/\/www.vignobles-vellas.com\/en\/wp-json\/wp\/v2\/posts\/24211","targetHints":{"allow":["GET"]}}],"collection":[{"href":"https:\/\/www.vignobles-vellas.com\/en\/wp-json\/wp\/v2\/posts"}],"about":[{"href":"https:\/\/www.vignobles-vellas.com\/en\/wp-json\/wp\/v2\/types\/post"}],"author":[{"embeddable":true,"href":"https:\/\/www.vignobles-vellas.com\/en\/wp-json\/wp\/v2\/users\/2"}],"replies":[{"embeddable":true,"href":"https:\/\/www.vignobles-vellas.com\/en\/wp-json\/wp\/v2\/comments?post=24211"}],"version-history":[{"count":1,"href":"https:\/\/www.vignobles-vellas.com\/en\/wp-json\/wp\/v2\/posts\/24211\/revisions"}],"predecessor-version":[{"id":24212,"href":"https:\/\/www.vignobles-vellas.com\/en\/wp-json\/wp\/v2\/posts\/24211\/revisions\/24212"}],"wp:featuredmedia":[{"embeddable":true,"href":"https:\/\/www.vignobles-vellas.com\/en\/wp-json\/wp\/v2\/media\/23980"}],"wp:attachment":[{"href":"https:\/\/www.vignobles-vellas.com\/en\/wp-json\/wp\/v2\/media?parent=24211"}],"wp:term":[{"taxonomy":"category","embeddable":true,"href":"https:\/\/www.vignobles-vellas.com\/en\/wp-json\/wp\/v2\/categories?post=24211"},{"taxonomy":"post_tag","embeddable":true,"href":"https:\/\/www.vignobles-vellas.com\/en\/wp-json\/wp\/v2\/tags?post=24211"}],"curies":[{"name":"wp","href":"https:\/\/api.w.org\/{rel}","templated":true}]}}